{"id":276,"date":"2018-06-11T21:29:34","date_gmt":"2018-06-11T21:29:34","guid":{"rendered":"http:\/\/www.bassusediciones.com\/news\/?p=276"},"modified":"2018-06-11T21:29:34","modified_gmt":"2018-06-11T21:29:34","slug":"huellas-memorias-alcoy","status":"publish","type":"post","link":"https:\/\/www.bassusediciones.com\/news\/index.php\/2018\/06\/11\/huellas-memorias-alcoy\/","title":{"rendered":"El CD &#8216;Huellas y Memorias&#8217; se presenta en Alcoy"},"content":{"rendered":"<p><a href=\"http:\/\/www.bassusediciones.com\/news\/index.php\/2018\/01\/29\/huellas-memorias-clarinete-y-banda-siglo-xix\/\" target=\"_blank\" rel=\"noopener\"><strong>&#8216;Huellas y Memorias<\/strong><\/a>&#8216;, el CD editado por Bassus Ediciones,<strong> contin\u00faa con su campa\u00f1a de difusi\u00f3n<\/strong>. Tras presentarse en <a href=\"http:\/\/www.bassusediciones.com\/news\/index.php\/2018\/03\/09\/auditorio-beneixama-presentacion-huellas-memorias\/\" target=\"_blank\" rel=\"noopener\">Benejama<\/a>, el pasado mes de marzo, ahora ha tocado el turno de Alcoy. En la presentaci\u00f3n estuvieron presentes <strong>Ra\u00fcl Llopis<\/strong>, concejal de Cultura;<strong> Angel Lluis Ferrando<\/strong>, director de la banda de La Primitiva y <strong>Pedro Rubio<\/strong>, impulsor de este proyecto de m\u00fasica band\u00edstica.<\/p>\n<p>En su af\u00e1n por recuperar la m\u00fasica para clarinete y banda del siglo XIX, Pedro Rubio dio con el archivo musical de la Societat Musical La Pau de Beneixama, donde conoci\u00f3 a Ferrando, que se mostr\u00f3 muy interesado en el proyecto.\u00a0<strong>Desde Bassus Ediciones queremos agradecer al Ayuntamiento de Alcoy<\/strong> y a su concejal de Cultura, el apoyo prestado.<\/p>\n<h3>La siguiente en Yecla, en septiembre<\/h3>\n<p><strong>La siguiente presentaci\u00f3n del CD tendr\u00e1 lugar en Yecla<\/strong>, ciudad natal de Pedro Rubio. \u00abDaremos un concierto en el que sonar\u00e1 una de las piezas del CD con la Banda de la Asociaci\u00f3n de Amigos de la M\u00fasica de Yecla, dirigida por \u00c1ngel Hern\u00e1ndez\u00bb, desvel\u00f3 Rubio Olivares.<\/p>\n<p><strong>Han sido ocho a\u00f1os de trabajo con tres sociedades musicales<\/strong>, varias sesiones de grabaci\u00f3n y casi 300 m\u00fasicos implicados. Como resultado <strong>la recuperaci\u00f3n de ocho obras espa\u00f1olas para clarinete y banda del siglo XIX<\/strong> que muestran una parte importante de nuestra historia, un patrimonio musical que merece conocerse mejor.<\/p>\n<p><strong>Pr\u00f3ximo proyecto: la edici\u00f3n de las partituras. <\/strong>\u00a1Os mantendremos informados!<\/p>\n","protected":false},"excerpt":{"rendered":"<p>En la presentaci\u00f3n en Alcoy estuvieron presentes Ra\u00fcl Llopis, concejal de Cultura; Angel Lluis Ferrando, director de la banda de La Primitiva y Pedro Rubio<\/p>\n<div class=\"more-link-wrapper\"><a class=\"more-link\" href=\"https:\/\/www.bassusediciones.com\/news\/index.php\/2018\/06\/11\/huellas-memorias-alcoy\/\">Seguir leyendo<span class=\"screen-reader-text\">El CD &#8216;Huellas y Memorias&#8217; se presenta en Alcoy<\/span><\/a><\/div>\n","protected":false},"author":1,"featured_media":278,"comment_status":"open","ping_status":"open","sticky":false,"template":"","format":"standard","meta":{"jetpack_post_was_ever_published":false,"_jetpack_newsletter_access":"","_jetpack_dont_email_post_to_subs":false,"_jetpack_newsletter_tier_id":0,"_jetpack_memberships_contains_paywalled_content":false,"_jetpack_memberships_contains_paid_content":false,"footnotes":"","jetpack_publicize_message":"","jetpack_publicize_feature_enabled":true,"jetpack_social_post_already_shared":true,"jetpack_social_options":{"image_generator_settings":{"template":"highway","default_image_id":0,"enabled":false},"version":2}},"categories":[7,5,14],"tags":[31,39,15],"class_list":["post-276","post","type-post","status-publish","format-standard","has-post-thumbnail","hentry","category-cd","category-clarinete","category-pedro-rubio","tag-banda-corporacio-musical-primitiva-dalcoi","tag-huellas-y-memorias","tag-pedro-rubio","entry"],"yoast_head":"<!-- This site is optimized with the Yoast SEO plugin v25.5 - https:\/\/yoast.com\/wordpress\/plugins\/seo\/ -->\n<title>El CD &#039;Huellas y Memorias&#039; se presenta en Alcoy - Bassus ediciones<\/title>\n<meta name=\"description\" content=\"En la presentaci\u00f3n en Alcoy estuvieron presentes Ra\u00fcl Llopis, concejal de Cultura; Angel Lluis Ferrando, director de la banda de La Primitiva y Pedro Rubio\" \/>\n<meta name=\"robots\" content=\"index, follow, max-snippet:-1, max-image-preview:large, max-video-preview:-1\" \/>\n<link rel=\"canonical\" href=\"https:\/\/www.bassusediciones.com\/news\/index.php\/2018\/06\/11\/huellas-memorias-alcoy\/\" \/>\n<meta property=\"og:locale\" content=\"es_ES\" \/>\n<meta property=\"og:type\" content=\"article\" \/>\n<meta property=\"og:title\" content=\"El CD &#039;Huellas y Memorias&#039; se presenta en Alcoy - Bassus ediciones\" \/>\n<meta property=\"og:url\" content=\"https:\/\/www.bassusediciones.com\/news\/index.php\/2018\/06\/11\/huellas-memorias-alcoy\/\" \/>\n<meta property=\"og:site_name\" content=\"Bassus ediciones\" \/>\n<meta property=\"article:published_time\" content=\"2018-06-11T21:29:34+00:00\" \/>\n<meta property=\"og:image\" content=\"https:\/\/i0.wp.com\/www.bassusediciones.com\/news\/wp-content\/uploads\/2018\/06\/4_06_2018_huellas_y_memorias-e1528151308423.jpg?fit=800%2C450&ssl=1\" \/>\n\t<meta property=\"og:image:width\" content=\"800\" \/>\n\t<meta property=\"og:image:height\" content=\"450\" \/>\n\t<meta property=\"og:image:type\" content=\"image\/jpeg\" \/>\n<meta name=\"author\" content=\"Bassus Ediciones\" \/>\n<meta name=\"twitter:card\" content=\"summary_large_image\" \/>\n<meta name=\"twitter:label1\" content=\"Escrito por\" \/>\n\t<meta name=\"twitter:data1\" content=\"Bassus Ediciones\" \/>\n\t<meta name=\"twitter:label2\" content=\"Tiempo de lectura\" \/>\n\t<meta name=\"twitter:data2\" content=\"1 minuto\" \/>\n<script type=\"application\/ld+json\" class=\"yoast-schema-graph\">{\"@context\":\"https:\/\/schema.org\",\"@graph\":[{\"@type\":\"WebPage\",\"@id\":\"https:\/\/www.bassusediciones.com\/news\/index.php\/2018\/06\/11\/huellas-memorias-alcoy\/\",\"url\":\"https:\/\/www.bassusediciones.com\/news\/index.php\/2018\/06\/11\/huellas-memorias-alcoy\/\",\"name\":\"El CD 'Huellas y Memorias' se presenta en Alcoy - Bassus ediciones\",\"isPartOf\":{\"@id\":\"https:\/\/www.bassusediciones.com\/news\/#website\"},\"primaryImageOfPage\":{\"@id\":\"https:\/\/www.bassusediciones.com\/news\/index.php\/2018\/06\/11\/huellas-memorias-alcoy\/#primaryimage\"},\"image\":{\"@id\":\"https:\/\/www.bassusediciones.com\/news\/index.php\/2018\/06\/11\/huellas-memorias-alcoy\/#primaryimage\"},\"thumbnailUrl\":\"https:\/\/i0.wp.com\/www.bassusediciones.com\/news\/wp-content\/uploads\/2018\/06\/4_06_2018_huellas_y_memorias-e1528151308423.jpg?fit=800%2C450&ssl=1\",\"datePublished\":\"2018-06-11T21:29:34+00:00\",\"author\":{\"@id\":\"https:\/\/www.bassusediciones.com\/news\/#\/schema\/person\/4a8d34214f856abef7477b43928a2b3a\"},\"description\":\"En la presentaci\u00f3n en Alcoy estuvieron presentes Ra\u00fcl Llopis, concejal de Cultura; Angel Lluis Ferrando, director de la banda de La Primitiva y Pedro Rubio\",\"breadcrumb\":{\"@id\":\"https:\/\/www.bassusediciones.com\/news\/index.php\/2018\/06\/11\/huellas-memorias-alcoy\/#breadcrumb\"},\"inLanguage\":\"es\",\"potentialAction\":[{\"@type\":\"ReadAction\",\"target\":[\"https:\/\/www.bassusediciones.com\/news\/index.php\/2018\/06\/11\/huellas-memorias-alcoy\/\"]}]},{\"@type\":\"ImageObject\",\"inLanguage\":\"es\",\"@id\":\"https:\/\/www.bassusediciones.com\/news\/index.php\/2018\/06\/11\/huellas-memorias-alcoy\/#primaryimage\",\"url\":\"https:\/\/i0.wp.com\/www.bassusediciones.com\/news\/wp-content\/uploads\/2018\/06\/4_06_2018_huellas_y_memorias-e1528151308423.jpg?fit=800%2C450&ssl=1\",\"contentUrl\":\"https:\/\/i0.wp.com\/www.bassusediciones.com\/news\/wp-content\/uploads\/2018\/06\/4_06_2018_huellas_y_memorias-e1528151308423.jpg?fit=800%2C450&ssl=1\",\"width\":800,\"height\":450,\"caption\":\"huellas y memorias alcoy\"},{\"@type\":\"BreadcrumbList\",\"@id\":\"https:\/\/www.bassusediciones.com\/news\/index.php\/2018\/06\/11\/huellas-memorias-alcoy\/#breadcrumb\",\"itemListElement\":[{\"@type\":\"ListItem\",\"position\":1,\"name\":\"Portada\",\"item\":\"https:\/\/www.bassusediciones.com\/news\/\"},{\"@type\":\"ListItem\",\"position\":2,\"name\":\"El CD &#8216;Huellas y Memorias&#8217; se presenta en Alcoy\"}]},{\"@type\":\"WebSite\",\"@id\":\"https:\/\/www.bassusediciones.com\/news\/#website\",\"url\":\"https:\/\/www.bassusediciones.com\/news\/\",\"name\":\"Bassus ediciones\",\"description\":\"\",\"potentialAction\":[{\"@type\":\"SearchAction\",\"target\":{\"@type\":\"EntryPoint\",\"urlTemplate\":\"https:\/\/www.bassusediciones.com\/news\/?s={search_term_string}\"},\"query-input\":{\"@type\":\"PropertyValueSpecification\",\"valueRequired\":true,\"valueName\":\"search_term_string\"}}],\"inLanguage\":\"es\"},{\"@type\":\"Person\",\"@id\":\"https:\/\/www.bassusediciones.com\/news\/#\/schema\/person\/4a8d34214f856abef7477b43928a2b3a\",\"name\":\"Bassus Ediciones\",\"image\":{\"@type\":\"ImageObject\",\"inLanguage\":\"es\",\"@id\":\"https:\/\/www.bassusediciones.com\/news\/#\/schema\/person\/image\/\",\"url\":\"https:\/\/secure.gravatar.com\/avatar\/3e1b0efdb024485da7919fe4255dcef23a697fe0e75448f5f3882f7c2e8b7886?s=96&d=mm&r=g\",\"contentUrl\":\"https:\/\/secure.gravatar.com\/avatar\/3e1b0efdb024485da7919fe4255dcef23a697fe0e75448f5f3882f7c2e8b7886?s=96&d=mm&r=g\",\"caption\":\"Bassus Ediciones\"},\"url\":\"https:\/\/www.bassusediciones.com\/news\/index.php\/author\/bassusedid\/\"}]}<\/script>\n<!-- \/ Yoast SEO plugin. -->","yoast_head_json":{"title":"El CD 'Huellas y Memorias' se presenta en Alcoy - Bassus ediciones","description":"En la presentaci\u00f3n en Alcoy estuvieron presentes Ra\u00fcl Llopis, concejal de Cultura; Angel Lluis Ferrando, director de la banda de La Primitiva y Pedro Rubio","robots":{"index":"index","follow":"follow","max-snippet":"max-snippet:-1","max-image-preview":"max-image-preview:large","max-video-preview":"max-video-preview:-1"},"canonical":"https:\/\/www.bassusediciones.com\/news\/index.php\/2018\/06\/11\/huellas-memorias-alcoy\/","og_locale":"es_ES","og_type":"article","og_title":"El CD 'Huellas y Memorias' se presenta en Alcoy - Bassus ediciones","og_url":"https:\/\/www.bassusediciones.com\/news\/index.php\/2018\/06\/11\/huellas-memorias-alcoy\/","og_site_name":"Bassus ediciones","article_published_time":"2018-06-11T21:29:34+00:00","og_image":[{"width":800,"height":450,"url":"https:\/\/i0.wp.com\/www.bassusediciones.com\/news\/wp-content\/uploads\/2018\/06\/4_06_2018_huellas_y_memorias-e1528151308423.jpg?fit=800%2C450&ssl=1","type":"image\/jpeg"}],"author":"Bassus Ediciones","twitter_card":"summary_large_image","twitter_misc":{"Escrito por":"Bassus Ediciones","Tiempo de lectura":"1 minuto"},"schema":{"@context":"https:\/\/schema.org","@graph":[{"@type":"WebPage","@id":"https:\/\/www.bassusediciones.com\/news\/index.php\/2018\/06\/11\/huellas-memorias-alcoy\/","url":"https:\/\/www.bassusediciones.com\/news\/index.php\/2018\/06\/11\/huellas-memorias-alcoy\/","name":"El CD 'Huellas y Memorias' se presenta en Alcoy - Bassus ediciones","isPartOf":{"@id":"https:\/\/www.bassusediciones.com\/news\/#website"},"primaryImageOfPage":{"@id":"https:\/\/www.bassusediciones.com\/news\/index.php\/2018\/06\/11\/huellas-memorias-alcoy\/#primaryimage"},"image":{"@id":"https:\/\/www.bassusediciones.com\/news\/index.php\/2018\/06\/11\/huellas-memorias-alcoy\/#primaryimage"},"thumbnailUrl":"https:\/\/i0.wp.com\/www.bassusediciones.com\/news\/wp-content\/uploads\/2018\/06\/4_06_2018_huellas_y_memorias-e1528151308423.jpg?fit=800%2C450&ssl=1","datePublished":"2018-06-11T21:29:34+00:00","author":{"@id":"https:\/\/www.bassusediciones.com\/news\/#\/schema\/person\/4a8d34214f856abef7477b43928a2b3a"},"description":"En la presentaci\u00f3n en Alcoy estuvieron presentes Ra\u00fcl Llopis, concejal de Cultura; Angel Lluis Ferrando, director de la banda de La Primitiva y Pedro Rubio","breadcrumb":{"@id":"https:\/\/www.bassusediciones.com\/news\/index.php\/2018\/06\/11\/huellas-memorias-alcoy\/#breadcrumb"},"inLanguage":"es","potentialAction":[{"@type":"ReadAction","target":["https:\/\/www.bassusediciones.com\/news\/index.php\/2018\/06\/11\/huellas-memorias-alcoy\/"]}]},{"@type":"ImageObject","inLanguage":"es","@id":"https:\/\/www.bassusediciones.com\/news\/index.php\/2018\/06\/11\/huellas-memorias-alcoy\/#primaryimage","url":"https:\/\/i0.wp.com\/www.bassusediciones.com\/news\/wp-content\/uploads\/2018\/06\/4_06_2018_huellas_y_memorias-e1528151308423.jpg?fit=800%2C450&ssl=1","contentUrl":"https:\/\/i0.wp.com\/www.bassusediciones.com\/news\/wp-content\/uploads\/2018\/06\/4_06_2018_huellas_y_memorias-e1528151308423.jpg?fit=800%2C450&ssl=1","width":800,"height":450,"caption":"huellas y memorias alcoy"},{"@type":"BreadcrumbList","@id":"https:\/\/www.bassusediciones.com\/news\/index.php\/2018\/06\/11\/huellas-memorias-alcoy\/#breadcrumb","itemListElement":[{"@type":"ListItem","position":1,"name":"Portada","item":"https:\/\/www.bassusediciones.com\/news\/"},{"@type":"ListItem","position":2,"name":"El CD &#8216;Huellas y Memorias&#8217; se presenta en Alcoy"}]},{"@type":"WebSite","@id":"https:\/\/www.bassusediciones.com\/news\/#website","url":"https:\/\/www.bassusediciones.com\/news\/","name":"Bassus ediciones","description":"","potentialAction":[{"@type":"SearchAction","target":{"@type":"EntryPoint","urlTemplate":"https:\/\/www.bassusediciones.com\/news\/?s={search_term_string}"},"query-input":{"@type":"PropertyValueSpecification","valueRequired":true,"valueName":"search_term_string"}}],"inLanguage":"es"},{"@type":"Person","@id":"https:\/\/www.bassusediciones.com\/news\/#\/schema\/person\/4a8d34214f856abef7477b43928a2b3a","name":"Bassus Ediciones","image":{"@type":"ImageObject","inLanguage":"es","@id":"https:\/\/www.bassusediciones.com\/news\/#\/schema\/person\/image\/","url":"https:\/\/secure.gravatar.com\/avatar\/3e1b0efdb024485da7919fe4255dcef23a697fe0e75448f5f3882f7c2e8b7886?s=96&d=mm&r=g","contentUrl":"https:\/\/secure.gravatar.com\/avatar\/3e1b0efdb024485da7919fe4255dcef23a697fe0e75448f5f3882f7c2e8b7886?s=96&d=mm&r=g","caption":"Bassus Ediciones"},"url":"https:\/\/www.bassusediciones.com\/news\/index.php\/author\/bassusedid\/"}]}},"jetpack_publicize_connections":[],"jetpack_featured_media_url":"https:\/\/i0.wp.com\/www.bassusediciones.com\/news\/wp-content\/uploads\/2018\/06\/4_06_2018_huellas_y_memorias-e1528151308423.jpg?fit=800%2C450&ssl=1","jetpack_sharing_enabled":true,"jetpack_shortlink":"https:\/\/wp.me\/p8Rgx9-4s","jetpack-related-posts":[],"_links":{"self":[{"href":"https:\/\/www.bassusediciones.com\/news\/index.php\/wp-json\/wp\/v2\/posts\/276","targetHints":{"allow":["GET"]}}],"collection":[{"href":"https:\/\/www.bassusediciones.com\/news\/index.php\/wp-json\/wp\/v2\/posts"}],"about":[{"href":"https:\/\/www.bassusediciones.com\/news\/index.php\/wp-json\/wp\/v2\/types\/post"}],"author":[{"embeddable":true,"href":"https:\/\/www.bassusediciones.com\/news\/index.php\/wp-json\/wp\/v2\/users\/1"}],"replies":[{"embeddable":true,"href":"https:\/\/www.bassusediciones.com\/news\/index.php\/wp-json\/wp\/v2\/comments?post=276"}],"version-history":[{"count":1,"href":"https:\/\/www.bassusediciones.com\/news\/index.php\/wp-json\/wp\/v2\/posts\/276\/revisions"}],"predecessor-version":[{"id":279,"href":"https:\/\/www.bassusediciones.com\/news\/index.php\/wp-json\/wp\/v2\/posts\/276\/revisions\/279"}],"wp:featuredmedia":[{"embeddable":true,"href":"https:\/\/www.bassusediciones.com\/news\/index.php\/wp-json\/wp\/v2\/media\/278"}],"wp:attachment":[{"href":"https:\/\/www.bassusediciones.com\/news\/index.php\/wp-json\/wp\/v2\/media?parent=276"}],"wp:term":[{"taxonomy":"category","embeddable":true,"href":"https:\/\/www.bassusediciones.com\/news\/index.php\/wp-json\/wp\/v2\/categories?post=276"},{"taxonomy":"post_tag","embeddable":true,"href":"https:\/\/www.bassusediciones.com\/news\/index.php\/wp-json\/wp\/v2\/tags?post=276"}],"curies":[{"name":"wp","href":"https:\/\/api.w.org\/{rel}","templated":true}]}}