{"id":460,"date":"2021-11-17T18:22:17","date_gmt":"2021-11-17T18:22:17","guid":{"rendered":"http:\/\/www.bassusediciones.com\/news\/?p=460"},"modified":"2021-11-17T18:24:52","modified_gmt":"2021-11-17T18:24:52","slug":"estreno-trio-clarinetes-manuel-monlleo","status":"publish","type":"post","link":"https:\/\/www.bassusediciones.com\/news\/index.php\/2021\/11\/17\/estreno-trio-clarinetes-manuel-monlleo\/","title":{"rendered":"As\u00ed fue el estreno del Tr\u00edo para Clarinetes de Manuel Monlle\u00f3"},"content":{"rendered":"<p>Tarde emotiva la que se vivi\u00f3 el pasado 2 de noviembre en el Real Conservatorio Superior de M\u00fasica de Madrid. El Auditorio Manuel de Falla acogi\u00f3 el<span style=\"color: #800000;\"> <a style=\"color: #800000;\" href=\"http:\/\/www.bassusediciones.com\/news\/index.php\/2021\/10\/29\/musica-monlleo-sonar-superior-madrid\/\" target=\"_blank\" rel=\"noopener noreferrer\">estreno del \u00abTr\u00edo para clarinetes\u00bb de Manuel Monlle\u00f3<\/a><\/span> a cargo de los alumnos Manuel D\u00edaz, Pablo Jim\u00e9nez y Javier L\u00f3pez.<\/p>\n<p><iframe loading=\"lazy\" title=\"Tr\u00edo para clarinetes (ca. 1880)\" width=\"500\" height=\"281\" src=\"https:\/\/www.youtube.com\/embed\/KeuAT-4DI4A?feature=oembed\" frameborder=\"0\" allow=\"accelerometer; autoplay; clipboard-write; encrypted-media; gyroscope; picture-in-picture; web-share\" referrerpolicy=\"strict-origin-when-cross-origin\" allowfullscreen><\/iframe><\/p>\n<h2>Manuel Monlle\u00f3, alumno del Conservatorio<\/h2>\n<p>Antes del estreno, Margarita Ram\u00edrez, jefa de la biblioteca del Real Conservatorio Superior de Madrid. Confirm\u00f3 que Manuel Monlle\u00f3 en el conservatorio y est\u00e1 su archivo acad\u00e9mico, donde consta que naci\u00f3 en 1832 y que estudi\u00f3 ah\u00ed desde 1849 hasta 1851, si bien termin\u00f3 sus estudios en 1851. Fue alumno de Antonio Romero y tambi\u00e9n de Ram\u00f3n Carnicer. Lo que ocurre es que no pod\u00eda venir a los ex\u00e1menes porque era m\u00fasico militar y tuvo que presentarse despu\u00e9s.<\/p>\n<p>A partir de 1851 era profesor en el Regimiento de Alabarderos y que fue el origen de la Banda Real. Actualmente se han localizado 16 documentos en el archivo y en la biblioteca hay tres: un impreso con un pasodoble (\u00abEl corneta del valor\u00bb), luego el <a href=\"https:\/\/www.bassusediciones.com\/news\/index.php\/2018\/01\/29\/huellas-memorias-clarinete-y-banda-siglo-xix\/\" target=\"_blank\" rel=\"noopener noreferrer\"><span style=\"color: #800000;\">CD \u00abHuellas y Memorias\u00bb<\/span><\/a> de 2018 donde Pedro Rubio interpreta varias obras para clarinete y banda del siglo XIX, incluida una de Monlle\u00f3 de 1868 y, por \u00faltimo, este Tr\u00edo de Clarinetes que edita ahora Bassus Ediciones. Aunque todav\u00eda pueden haber muchos documentos escondidos y por encontrar.<\/p>\n<p><img data-recalc-dims=\"1\" loading=\"lazy\" decoding=\"async\" data-attachment-id=\"468\" data-permalink=\"https:\/\/www.bassusediciones.com\/news\/index.php\/2021\/11\/17\/estreno-trio-clarinetes-manuel-monlleo\/attachment\/1637172085773\/\" data-orig-file=\"https:\/\/i0.wp.com\/www.bassusediciones.com\/news\/wp-content\/uploads\/2021\/11\/1637172085773-scaled-e1637172754433.jpg?fit=1000%2C751&amp;ssl=1\" data-orig-size=\"1000,751\" data-comments-opened=\"1\" data-image-meta=\"{&quot;aperture&quot;:&quot;1.89&quot;,&quot;credit&quot;:&quot;&quot;,&quot;camera&quot;:&quot;--&quot;,&quot;caption&quot;:&quot;&quot;,&quot;created_timestamp&quot;:&quot;1635879786&quot;,&quot;copyright&quot;:&quot;&quot;,&quot;focal_length&quot;:&quot;5.43&quot;,&quot;iso&quot;:&quot;208&quot;,&quot;shutter_speed&quot;:&quot;0.03030303030303&quot;,&quot;title&quot;:&quot;&quot;,&quot;orientation&quot;:&quot;1&quot;}\" data-image-title=\"Margarita Ram\u00edrez presentaci\u00f3n Manuel Monlle\u00f3\" data-image-description=\"&lt;p&gt;Margarita Ram\u00edrez presentaci\u00f3n Manuel Monlle\u00f3&lt;\/p&gt;\n\" data-image-caption=\"\" data-medium-file=\"https:\/\/i0.wp.com\/www.bassusediciones.com\/news\/wp-content\/uploads\/2021\/11\/1637172085773-scaled-e1637172754433.jpg?fit=300%2C225&amp;ssl=1\" data-large-file=\"https:\/\/i0.wp.com\/www.bassusediciones.com\/news\/wp-content\/uploads\/2021\/11\/1637172085773-scaled-e1637172754433.jpg?fit=1024%2C769&amp;ssl=1\" class=\"size-large wp-image-468 aligncenter\" src=\"https:\/\/i0.wp.com\/www.bassusediciones.com\/news\/wp-content\/uploads\/2021\/11\/1637172085773.jpg?resize=1024%2C769\" alt=\"Margarita Ram\u00edrez presentaci\u00f3n Manuel Monlle\u00f3\" width=\"1024\" height=\"769\" \/><\/p>\n<h2>La Fantas\u00eda abri\u00f3 la puerta al Tr\u00edo<\/h2>\n<p>Por su parte, Pedro Rubio coment\u00f3 que el archivo de Alabarderos se perdi\u00f3 en la guerra civil, pero que en Beneixama hab\u00eda una copia de la \u00ab<span style=\"color: #800000;\"><a style=\"color: #800000;\" href=\"https:\/\/open.spotify.com\/track\/0iNib087YcHaA3prbYOKta\" target=\"_blank\" rel=\"noopener noreferrer\">Fantas\u00eda para clarinete<\/a><\/span>\u00bb de Manuel Monlle\u00f3 que se grab\u00f3 en 2014. Fue entonces cuando la directora del Conservatorio le coment\u00f3 que en el fondo bibliogr\u00e1fico hab\u00eda un tr\u00edo para clarinete, pero hasta ahora no se ha podido editar.<\/p>\n<p>\u00abTuvo que ser un extraordinario clarinetista\u00bb, reconoce Pedro Rubio en referencia a la perfecci\u00f3n de estas obras. El tr\u00edo es de \u00e9l, \u00abpero no sabemos si la mano es suya o de un copista\u00bb, reafirma Pedro. Adem\u00e1s, asegura que no habr\u00e1 m\u00e1s de una decena de obras para tres clarinetes en todo el siglo XIX, por lo que reconoce que es bastante inusual. \u00abEst\u00e1 muy bien escrita para el instrumento; fue toda una sorpresa\u00bb, concluy\u00f3 Pedro.<\/p>\n<p><img data-recalc-dims=\"1\" loading=\"lazy\" decoding=\"async\" data-attachment-id=\"467\" data-permalink=\"https:\/\/www.bassusediciones.com\/news\/index.php\/2021\/11\/17\/estreno-trio-clarinetes-manuel-monlleo\/attachment\/1637172085759\/\" data-orig-file=\"https:\/\/i0.wp.com\/www.bassusediciones.com\/news\/wp-content\/uploads\/2021\/11\/1637172085759-scaled-e1637172742334.jpg?fit=1000%2C751&amp;ssl=1\" data-orig-size=\"1000,751\" data-comments-opened=\"1\" data-image-meta=\"{&quot;aperture&quot;:&quot;1.89&quot;,&quot;credit&quot;:&quot;&quot;,&quot;camera&quot;:&quot;--&quot;,&quot;caption&quot;:&quot;&quot;,&quot;created_timestamp&quot;:&quot;1635880060&quot;,&quot;copyright&quot;:&quot;&quot;,&quot;focal_length&quot;:&quot;5.43&quot;,&quot;iso&quot;:&quot;272&quot;,&quot;shutter_speed&quot;:&quot;0.03030303030303&quot;,&quot;title&quot;:&quot;&quot;,&quot;orientation&quot;:&quot;1&quot;}\" data-image-title=\"pedro rubio estreno manuel monlle\u00f3\" data-image-description=\"&lt;p&gt;pedro rubio estreno manuel monlle\u00f3&lt;\/p&gt;\n\" data-image-caption=\"\" data-medium-file=\"https:\/\/i0.wp.com\/www.bassusediciones.com\/news\/wp-content\/uploads\/2021\/11\/1637172085759-scaled-e1637172742334.jpg?fit=300%2C225&amp;ssl=1\" data-large-file=\"https:\/\/i0.wp.com\/www.bassusediciones.com\/news\/wp-content\/uploads\/2021\/11\/1637172085759-scaled-e1637172742334.jpg?fit=1024%2C769&amp;ssl=1\" class=\"size-large wp-image-467 aligncenter\" src=\"https:\/\/i0.wp.com\/www.bassusediciones.com\/news\/wp-content\/uploads\/2021\/11\/1637172085759.jpg?resize=1024%2C769\" alt=\"pedro rubio estreno manuel monlle\u00f3\" width=\"1024\" height=\"769\" \/><\/p>\n<p>Asimismo, como coment\u00e1bamos en el art\u00edculo anterior, casi con total seguridad esta pieza se compuso para alumnos de clarinete de este conservatorio, de ah\u00ed que ahora sean tres alumnos quienes la estrenen.<\/p>\n<p>\u00abCon este estreno se cierra el c\u00edrculo. Se escribi\u00f3 hace casi 150 a\u00f1os para los alumnos de este conservatorio y hoy la volvemos a escuchar\u00bb, cerr\u00f3 Pedro Rubio.<\/p>\n<h2>Galer\u00eda de im\u00e1genes del estreno<\/h2>\n<p class=\"jetpack-slideshow-noscript robots-nocontent\">El pase de diapositivas requiere JavaScript.<\/p><div id=\"gallery-460-1-slideshow\" class=\"jetpack-slideshow-window jetpack-slideshow jetpack-slideshow-black\" data-trans=\"fade\" data-autostart=\"1\" data-gallery=\"[{&quot;src&quot;:&quot;https:\\\/\\\/i0.wp.com\\\/www.bassusediciones.com\\\/news\\\/wp-content\\\/uploads\\\/2021\\\/11\\\/1637172085732-scaled.jpg?fit=2560%2C1922\\u0026ssl=1&quot;,&quot;id&quot;:&quot;474&quot;,&quot;title&quot;:&quot;estreno manuel monlle\\u00f3&quot;,&quot;alt&quot;:&quot;estreno manuel monlle\\u00f3&quot;,&quot;caption&quot;:&quot;&quot;,&quot;itemprop&quot;:&quot;image&quot;},{&quot;src&quot;:&quot;https:\\\/\\\/i0.wp.com\\\/www.bassusediciones.com\\\/news\\\/wp-content\\\/uploads\\\/2021\\\/11\\\/1637172085720-scaled.jpg?fit=2560%2C1922\\u0026ssl=1&quot;,&quot;id&quot;:&quot;473&quot;,&quot;title&quot;:&quot;estreno manuel monlle\\u00f3&quot;,&quot;alt&quot;:&quot;estreno manuel monlle\\u00f3&quot;,&quot;caption&quot;:&quot;&quot;,&quot;itemprop&quot;:&quot;image&quot;},{&quot;src&quot;:&quot;https:\\\/\\\/i0.wp.com\\\/www.bassusediciones.com\\\/news\\\/wp-content\\\/uploads\\\/2021\\\/11\\\/1637172085754-scaled.jpg?fit=2560%2C1922\\u0026ssl=1&quot;,&quot;id&quot;:&quot;471&quot;,&quot;title&quot;:&quot;estreno manuel monlle\\u00f3&quot;,&quot;alt&quot;:&quot;estreno manuel monlle\\u00f3&quot;,&quot;caption&quot;:&quot;&quot;,&quot;itemprop&quot;:&quot;image&quot;},{&quot;src&quot;:&quot;https:\\\/\\\/i0.wp.com\\\/www.bassusediciones.com\\\/news\\\/wp-content\\\/uploads\\\/2021\\\/11\\\/1637172085744-scaled.jpg?fit=2560%2C1922\\u0026ssl=1&quot;,&quot;id&quot;:&quot;470&quot;,&quot;title&quot;:&quot;estreno manuel monlle\\u00f3&quot;,&quot;alt&quot;:&quot;estreno manuel monlle\\u00f3&quot;,&quot;caption&quot;:&quot;&quot;,&quot;itemprop&quot;:&quot;image&quot;},{&quot;src&quot;:&quot;https:\\\/\\\/i0.wp.com\\\/www.bassusediciones.com\\\/news\\\/wp-content\\\/uploads\\\/2021\\\/11\\\/1637172085708-scaled.jpg?fit=2560%2C1922\\u0026ssl=1&quot;,&quot;id&quot;:&quot;472&quot;,&quot;title&quot;:&quot;estreno manuel monlle\\u00f3&quot;,&quot;alt&quot;:&quot;estreno manuel monlle\\u00f3&quot;,&quot;caption&quot;:&quot;&quot;,&quot;itemprop&quot;:&quot;image&quot;},{&quot;src&quot;:&quot;https:\\\/\\\/i0.wp.com\\\/www.bassusediciones.com\\\/news\\\/wp-content\\\/uploads\\\/2021\\\/11\\\/1637172085704-scaled.jpg?fit=2560%2C1922\\u0026ssl=1&quot;,&quot;id&quot;:&quot;469&quot;,&quot;title&quot;:&quot;presentaci\\u00f3n manuel monlle\\u00f3presentaci\\u00f3n manuel monlle\\u00f3&quot;,&quot;alt&quot;:&quot;presentaci\\u00f3n manuel monlle\\u00f3&quot;,&quot;caption&quot;:&quot;&quot;,&quot;itemprop&quot;:&quot;image&quot;}]\" itemscope itemtype=\"https:\/\/schema.org\/ImageGallery\"><\/div>\n<h2>Partitura ya disponible<\/h2>\n<p>Desde Bassus Ediciones queremos informar que la partitura del Tr\u00edo para Clarinetes de Manuel Monlle\u00f3 ya est\u00e1 disponible en diferentes tiendas musicales. Por ejemplo, <a href=\"https:\/\/www.elargonauta.com\/partituras-y-ediciones-criticas\/trio-para-clarinetes-ca-1880\/979-0-801278-29-6\/\" target=\"_blank\" rel=\"noopener noreferrer\"><span style=\"color: #800000;\">pod\u00e9is comprarla ya en El Argonauta<\/span><\/a>. Pod\u00e9is ver toda la informaci\u00f3n de la obra en nuestra <span style=\"color: #800000;\"><a style=\"color: #800000;\" href=\"https:\/\/bassusediciones.com\/partituras.php\" target=\"_blank\" rel=\"noopener noreferrer\">secci\u00f3n de partituras<\/a><\/span>.<\/p>\n<figure id=\"attachment_456\" aria-describedby=\"caption-attachment-456\" style=\"width: 724px\" class=\"wp-caption aligncenter\"><img data-recalc-dims=\"1\" loading=\"lazy\" decoding=\"async\" data-attachment-id=\"456\" data-permalink=\"https:\/\/www.bassusediciones.com\/news\/index.php\/2021\/10\/29\/musica-monlleo-sonar-superior-madrid\/partitura_manuel_monlleo_web_portada\/\" data-orig-file=\"https:\/\/i0.wp.com\/www.bassusediciones.com\/news\/wp-content\/uploads\/2021\/10\/PARTITURA_manuel_monlleo_WEB_portada.jpg?fit=764%2C1080&amp;ssl=1\" data-orig-size=\"764,1080\" data-comments-opened=\"1\" data-image-meta=\"{&quot;aperture&quot;:&quot;0&quot;,&quot;credit&quot;:&quot;TO\\u00d1O&quot;,&quot;camera&quot;:&quot;&quot;,&quot;caption&quot;:&quot;&quot;,&quot;created_timestamp&quot;:&quot;1624544162&quot;,&quot;copyright&quot;:&quot;&quot;,&quot;focal_length&quot;:&quot;0&quot;,&quot;iso&quot;:&quot;0&quot;,&quot;shutter_speed&quot;:&quot;0&quot;,&quot;title&quot;:&quot;&quot;,&quot;orientation&quot;:&quot;0&quot;}\" data-image-title=\"PARTITURA_manuel_monlleo_WEB_portada\" data-image-description=\"&lt;p&gt;partitura edici\u00f3n monlle\u00f3 bassus ediciones&lt;\/p&gt;\n\" data-image-caption=\"&lt;p&gt;La partitura de Monlle\u00f3 estar\u00e1 muy pronto disponible en Bassus Ediciones&lt;\/p&gt;\n\" data-medium-file=\"https:\/\/i0.wp.com\/www.bassusediciones.com\/news\/wp-content\/uploads\/2021\/10\/PARTITURA_manuel_monlleo_WEB_portada.jpg?fit=212%2C300&amp;ssl=1\" data-large-file=\"https:\/\/i0.wp.com\/www.bassusediciones.com\/news\/wp-content\/uploads\/2021\/10\/PARTITURA_manuel_monlleo_WEB_portada.jpg?fit=724%2C1024&amp;ssl=1\" class=\"size-large wp-image-456\" src=\"https:\/\/i0.wp.com\/www.bassusediciones.com\/news\/wp-content\/uploads\/2021\/10\/PARTITURA_manuel_monlleo_WEB_portada.jpg?resize=724%2C1024\" alt=\"partitura edici\u00f3n monlle\u00f3 bassus ediciones\" width=\"724\" height=\"1024\" srcset=\"https:\/\/i0.wp.com\/www.bassusediciones.com\/news\/wp-content\/uploads\/2021\/10\/PARTITURA_manuel_monlleo_WEB_portada.jpg?resize=724%2C1024&amp;ssl=1 724w, https:\/\/i0.wp.com\/www.bassusediciones.com\/news\/wp-content\/uploads\/2021\/10\/PARTITURA_manuel_monlleo_WEB_portada.jpg?resize=212%2C300&amp;ssl=1 212w, https:\/\/i0.wp.com\/www.bassusediciones.com\/news\/wp-content\/uploads\/2021\/10\/PARTITURA_manuel_monlleo_WEB_portada.jpg?w=764&amp;ssl=1 764w\" sizes=\"auto, (max-width: 724px) 100vw, 724px\" \/><figcaption id=\"caption-attachment-456\" class=\"wp-caption-text\">La partitura de Monlle\u00f3 ya est\u00e1 disponible en diferentes distribuidores de Bassus Ediciones<\/figcaption><\/figure>\n","protected":false},"excerpt":{"rendered":"<p>El pasado 2 de noviembres se estren\u00f3 \u00abTr\u00edo para clarinetes\u00bb de Manuel Monell\u00f3 a cargo de los alumnos Manuel D\u00edaz, Pablo Jim\u00e9nez y Javier L\u00f3pez.<\/p>\n<div class=\"more-link-wrapper\"><a class=\"more-link\" href=\"https:\/\/www.bassusediciones.com\/news\/index.php\/2021\/11\/17\/estreno-trio-clarinetes-manuel-monlleo\/\">Seguir leyendo<span class=\"screen-reader-text\">As\u00ed fue el estreno del Tr\u00edo para Clarinetes de Manuel Monlle\u00f3<\/span><\/a><\/div>\n","protected":false},"author":1,"featured_media":469,"comment_status":"open","ping_status":"open","sticky":false,"template":"","format":"standard","meta":{"jetpack_post_was_ever_published":false,"_jetpack_newsletter_access":"","_jetpack_dont_email_post_to_subs":false,"_jetpack_newsletter_tier_id":0,"_jetpack_memberships_contains_paywalled_content":false,"_jetpack_memberships_contains_paid_content":false,"footnotes":"","jetpack_publicize_message":"","jetpack_publicize_feature_enabled":true,"jetpack_social_post_already_shared":true,"jetpack_social_options":{"image_generator_settings":{"template":"highway","default_image_id":0,"enabled":false},"version":2}},"categories":[5,9,6,14],"tags":[16,64,22],"class_list":["post-460","post","type-post","status-publish","format-standard","has-post-thumbnail","hentry","category-clarinete","category-conciertos","category-partituras","category-pedro-rubio","tag-concierto","tag-manuel-monlleo","tag-partituras","entry"],"yoast_head":"<!-- This site is optimized with the Yoast SEO plugin v25.5 - https:\/\/yoast.com\/wordpress\/plugins\/seo\/ -->\n<title>As\u00ed fue el estreno del Tr\u00edo para Clarinetes de Manuel Monlle\u00f3<\/title>\n<meta name=\"description\" content=\"El pasado 2 de noviembres se estren\u00f3 &quot;Tr\u00edo para clarinetes&quot; de Manuel Monlle\u00f3 a cargo de los alumnos Manuel D\u00edaz, Pablo Jim\u00e9nez y Javier L\u00f3pez.\" \/>\n<meta name=\"robots\" content=\"index, follow, max-snippet:-1, max-image-preview:large, max-video-preview:-1\" \/>\n<link rel=\"canonical\" href=\"https:\/\/www.bassusediciones.com\/news\/index.php\/2021\/11\/17\/estreno-trio-clarinetes-manuel-monlleo\/\" \/>\n<meta property=\"og:locale\" content=\"es_ES\" \/>\n<meta property=\"og:type\" content=\"article\" \/>\n<meta property=\"og:title\" content=\"As\u00ed fue el estreno del Tr\u00edo para Clarinetes de Manuel Monlle\u00f3\" \/>\n<meta property=\"og:url\" content=\"https:\/\/www.bassusediciones.com\/news\/index.php\/2021\/11\/17\/estreno-trio-clarinetes-manuel-monlleo\/\" \/>\n<meta property=\"og:site_name\" content=\"Bassus ediciones\" \/>\n<meta property=\"article:published_time\" content=\"2021-11-17T18:22:17+00:00\" \/>\n<meta property=\"article:modified_time\" content=\"2021-11-17T18:24:52+00:00\" \/>\n<meta property=\"og:image\" content=\"https:\/\/i0.wp.com\/www.bassusediciones.com\/news\/wp-content\/uploads\/2021\/11\/1637172085704-scaled.jpg?fit=2560%2C1922&ssl=1\" \/>\n\t<meta property=\"og:image:width\" content=\"2560\" \/>\n\t<meta property=\"og:image:height\" content=\"1922\" \/>\n\t<meta property=\"og:image:type\" content=\"image\/jpeg\" \/>\n<meta name=\"author\" content=\"Bassus Ediciones\" \/>\n<meta name=\"twitter:card\" content=\"summary_large_image\" \/>\n<meta name=\"twitter:label1\" content=\"Escrito por\" \/>\n\t<meta name=\"twitter:data1\" content=\"Bassus Ediciones\" \/>\n\t<meta name=\"twitter:label2\" content=\"Tiempo de lectura\" \/>\n\t<meta name=\"twitter:data2\" content=\"3 minutos\" \/>\n<script type=\"application\/ld+json\" class=\"yoast-schema-graph\">{\"@context\":\"https:\/\/schema.org\",\"@graph\":[{\"@type\":\"WebPage\",\"@id\":\"https:\/\/www.bassusediciones.com\/news\/index.php\/2021\/11\/17\/estreno-trio-clarinetes-manuel-monlleo\/\",\"url\":\"https:\/\/www.bassusediciones.com\/news\/index.php\/2021\/11\/17\/estreno-trio-clarinetes-manuel-monlleo\/\",\"name\":\"As\u00ed fue el estreno del Tr\u00edo para Clarinetes de Manuel Monlle\u00f3\",\"isPartOf\":{\"@id\":\"https:\/\/www.bassusediciones.com\/news\/#website\"},\"primaryImageOfPage\":{\"@id\":\"https:\/\/www.bassusediciones.com\/news\/index.php\/2021\/11\/17\/estreno-trio-clarinetes-manuel-monlleo\/#primaryimage\"},\"image\":{\"@id\":\"https:\/\/www.bassusediciones.com\/news\/index.php\/2021\/11\/17\/estreno-trio-clarinetes-manuel-monlleo\/#primaryimage\"},\"thumbnailUrl\":\"https:\/\/i0.wp.com\/www.bassusediciones.com\/news\/wp-content\/uploads\/2021\/11\/1637172085704-scaled.jpg?fit=2560%2C1922&ssl=1\",\"datePublished\":\"2021-11-17T18:22:17+00:00\",\"dateModified\":\"2021-11-17T18:24:52+00:00\",\"author\":{\"@id\":\"https:\/\/www.bassusediciones.com\/news\/#\/schema\/person\/4a8d34214f856abef7477b43928a2b3a\"},\"description\":\"El pasado 2 de noviembres se estren\u00f3 \\\"Tr\u00edo para clarinetes\\\" de Manuel Monlle\u00f3 a cargo de los alumnos Manuel D\u00edaz, Pablo Jim\u00e9nez y Javier L\u00f3pez.\",\"breadcrumb\":{\"@id\":\"https:\/\/www.bassusediciones.com\/news\/index.php\/2021\/11\/17\/estreno-trio-clarinetes-manuel-monlleo\/#breadcrumb\"},\"inLanguage\":\"es\",\"potentialAction\":[{\"@type\":\"ReadAction\",\"target\":[\"https:\/\/www.bassusediciones.com\/news\/index.php\/2021\/11\/17\/estreno-trio-clarinetes-manuel-monlleo\/\"]}]},{\"@type\":\"ImageObject\",\"inLanguage\":\"es\",\"@id\":\"https:\/\/www.bassusediciones.com\/news\/index.php\/2021\/11\/17\/estreno-trio-clarinetes-manuel-monlleo\/#primaryimage\",\"url\":\"https:\/\/i0.wp.com\/www.bassusediciones.com\/news\/wp-content\/uploads\/2021\/11\/1637172085704-scaled.jpg?fit=2560%2C1922&ssl=1\",\"contentUrl\":\"https:\/\/i0.wp.com\/www.bassusediciones.com\/news\/wp-content\/uploads\/2021\/11\/1637172085704-scaled.jpg?fit=2560%2C1922&ssl=1\",\"width\":2560,\"height\":1922,\"caption\":\"presentaci\u00f3n manuel monlle\u00f3\"},{\"@type\":\"BreadcrumbList\",\"@id\":\"https:\/\/www.bassusediciones.com\/news\/index.php\/2021\/11\/17\/estreno-trio-clarinetes-manuel-monlleo\/#breadcrumb\",\"itemListElement\":[{\"@type\":\"ListItem\",\"position\":1,\"name\":\"Portada\",\"item\":\"https:\/\/www.bassusediciones.com\/news\/\"},{\"@type\":\"ListItem\",\"position\":2,\"name\":\"As\u00ed fue el estreno del Tr\u00edo para Clarinetes de Manuel Monlle\u00f3\"}]},{\"@type\":\"WebSite\",\"@id\":\"https:\/\/www.bassusediciones.com\/news\/#website\",\"url\":\"https:\/\/www.bassusediciones.com\/news\/\",\"name\":\"Bassus ediciones\",\"description\":\"\",\"potentialAction\":[{\"@type\":\"SearchAction\",\"target\":{\"@type\":\"EntryPoint\",\"urlTemplate\":\"https:\/\/www.bassusediciones.com\/news\/?s={search_term_string}\"},\"query-input\":{\"@type\":\"PropertyValueSpecification\",\"valueRequired\":true,\"valueName\":\"search_term_string\"}}],\"inLanguage\":\"es\"},{\"@type\":\"Person\",\"@id\":\"https:\/\/www.bassusediciones.com\/news\/#\/schema\/person\/4a8d34214f856abef7477b43928a2b3a\",\"name\":\"Bassus Ediciones\",\"image\":{\"@type\":\"ImageObject\",\"inLanguage\":\"es\",\"@id\":\"https:\/\/www.bassusediciones.com\/news\/#\/schema\/person\/image\/\",\"url\":\"https:\/\/secure.gravatar.com\/avatar\/3e1b0efdb024485da7919fe4255dcef23a697fe0e75448f5f3882f7c2e8b7886?s=96&d=mm&r=g\",\"contentUrl\":\"https:\/\/secure.gravatar.com\/avatar\/3e1b0efdb024485da7919fe4255dcef23a697fe0e75448f5f3882f7c2e8b7886?s=96&d=mm&r=g\",\"caption\":\"Bassus Ediciones\"},\"url\":\"https:\/\/www.bassusediciones.com\/news\/index.php\/author\/bassusedid\/\"}]}<\/script>\n<!-- \/ Yoast SEO plugin. -->","yoast_head_json":{"title":"As\u00ed fue el estreno del Tr\u00edo para Clarinetes de Manuel Monlle\u00f3","description":"El pasado 2 de noviembres se estren\u00f3 \"Tr\u00edo para clarinetes\" de Manuel Monlle\u00f3 a cargo de los alumnos Manuel D\u00edaz, Pablo Jim\u00e9nez y Javier L\u00f3pez.","robots":{"index":"index","follow":"follow","max-snippet":"max-snippet:-1","max-image-preview":"max-image-preview:large","max-video-preview":"max-video-preview:-1"},"canonical":"https:\/\/www.bassusediciones.com\/news\/index.php\/2021\/11\/17\/estreno-trio-clarinetes-manuel-monlleo\/","og_locale":"es_ES","og_type":"article","og_title":"As\u00ed fue el estreno del Tr\u00edo para Clarinetes de Manuel Monlle\u00f3","og_url":"https:\/\/www.bassusediciones.com\/news\/index.php\/2021\/11\/17\/estreno-trio-clarinetes-manuel-monlleo\/","og_site_name":"Bassus ediciones","article_published_time":"2021-11-17T18:22:17+00:00","article_modified_time":"2021-11-17T18:24:52+00:00","og_image":[{"width":2560,"height":1922,"url":"https:\/\/i0.wp.com\/www.bassusediciones.com\/news\/wp-content\/uploads\/2021\/11\/1637172085704-scaled.jpg?fit=2560%2C1922&ssl=1","type":"image\/jpeg"}],"author":"Bassus Ediciones","twitter_card":"summary_large_image","twitter_misc":{"Escrito por":"Bassus Ediciones","Tiempo de lectura":"3 minutos"},"schema":{"@context":"https:\/\/schema.org","@graph":[{"@type":"WebPage","@id":"https:\/\/www.bassusediciones.com\/news\/index.php\/2021\/11\/17\/estreno-trio-clarinetes-manuel-monlleo\/","url":"https:\/\/www.bassusediciones.com\/news\/index.php\/2021\/11\/17\/estreno-trio-clarinetes-manuel-monlleo\/","name":"As\u00ed fue el estreno del Tr\u00edo para Clarinetes de Manuel Monlle\u00f3","isPartOf":{"@id":"https:\/\/www.bassusediciones.com\/news\/#website"},"primaryImageOfPage":{"@id":"https:\/\/www.bassusediciones.com\/news\/index.php\/2021\/11\/17\/estreno-trio-clarinetes-manuel-monlleo\/#primaryimage"},"image":{"@id":"https:\/\/www.bassusediciones.com\/news\/index.php\/2021\/11\/17\/estreno-trio-clarinetes-manuel-monlleo\/#primaryimage"},"thumbnailUrl":"https:\/\/i0.wp.com\/www.bassusediciones.com\/news\/wp-content\/uploads\/2021\/11\/1637172085704-scaled.jpg?fit=2560%2C1922&ssl=1","datePublished":"2021-11-17T18:22:17+00:00","dateModified":"2021-11-17T18:24:52+00:00","author":{"@id":"https:\/\/www.bassusediciones.com\/news\/#\/schema\/person\/4a8d34214f856abef7477b43928a2b3a"},"description":"El pasado 2 de noviembres se estren\u00f3 \"Tr\u00edo para clarinetes\" de Manuel Monlle\u00f3 a cargo de los alumnos Manuel D\u00edaz, Pablo Jim\u00e9nez y Javier L\u00f3pez.","breadcrumb":{"@id":"https:\/\/www.bassusediciones.com\/news\/index.php\/2021\/11\/17\/estreno-trio-clarinetes-manuel-monlleo\/#breadcrumb"},"inLanguage":"es","potentialAction":[{"@type":"ReadAction","target":["https:\/\/www.bassusediciones.com\/news\/index.php\/2021\/11\/17\/estreno-trio-clarinetes-manuel-monlleo\/"]}]},{"@type":"ImageObject","inLanguage":"es","@id":"https:\/\/www.bassusediciones.com\/news\/index.php\/2021\/11\/17\/estreno-trio-clarinetes-manuel-monlleo\/#primaryimage","url":"https:\/\/i0.wp.com\/www.bassusediciones.com\/news\/wp-content\/uploads\/2021\/11\/1637172085704-scaled.jpg?fit=2560%2C1922&ssl=1","contentUrl":"https:\/\/i0.wp.com\/www.bassusediciones.com\/news\/wp-content\/uploads\/2021\/11\/1637172085704-scaled.jpg?fit=2560%2C1922&ssl=1","width":2560,"height":1922,"caption":"presentaci\u00f3n manuel monlle\u00f3"},{"@type":"BreadcrumbList","@id":"https:\/\/www.bassusediciones.com\/news\/index.php\/2021\/11\/17\/estreno-trio-clarinetes-manuel-monlleo\/#breadcrumb","itemListElement":[{"@type":"ListItem","position":1,"name":"Portada","item":"https:\/\/www.bassusediciones.com\/news\/"},{"@type":"ListItem","position":2,"name":"As\u00ed fue el estreno del Tr\u00edo para Clarinetes de Manuel Monlle\u00f3"}]},{"@type":"WebSite","@id":"https:\/\/www.bassusediciones.com\/news\/#website","url":"https:\/\/www.bassusediciones.com\/news\/","name":"Bassus ediciones","description":"","potentialAction":[{"@type":"SearchAction","target":{"@type":"EntryPoint","urlTemplate":"https:\/\/www.bassusediciones.com\/news\/?s={search_term_string}"},"query-input":{"@type":"PropertyValueSpecification","valueRequired":true,"valueName":"search_term_string"}}],"inLanguage":"es"},{"@type":"Person","@id":"https:\/\/www.bassusediciones.com\/news\/#\/schema\/person\/4a8d34214f856abef7477b43928a2b3a","name":"Bassus Ediciones","image":{"@type":"ImageObject","inLanguage":"es","@id":"https:\/\/www.bassusediciones.com\/news\/#\/schema\/person\/image\/","url":"https:\/\/secure.gravatar.com\/avatar\/3e1b0efdb024485da7919fe4255dcef23a697fe0e75448f5f3882f7c2e8b7886?s=96&d=mm&r=g","contentUrl":"https:\/\/secure.gravatar.com\/avatar\/3e1b0efdb024485da7919fe4255dcef23a697fe0e75448f5f3882f7c2e8b7886?s=96&d=mm&r=g","caption":"Bassus Ediciones"},"url":"https:\/\/www.bassusediciones.com\/news\/index.php\/author\/bassusedid\/"}]}},"jetpack_publicize_connections":[],"jetpack_featured_media_url":"https:\/\/i0.wp.com\/www.bassusediciones.com\/news\/wp-content\/uploads\/2021\/11\/1637172085704-scaled.jpg?fit=2560%2C1922&ssl=1","jetpack_sharing_enabled":true,"jetpack_shortlink":"https:\/\/wp.me\/p8Rgx9-7q","jetpack-related-posts":[],"_links":{"self":[{"href":"https:\/\/www.bassusediciones.com\/news\/index.php\/wp-json\/wp\/v2\/posts\/460","targetHints":{"allow":["GET"]}}],"collection":[{"href":"https:\/\/www.bassusediciones.com\/news\/index.php\/wp-json\/wp\/v2\/posts"}],"about":[{"href":"https:\/\/www.bassusediciones.com\/news\/index.php\/wp-json\/wp\/v2\/types\/post"}],"author":[{"embeddable":true,"href":"https:\/\/www.bassusediciones.com\/news\/index.php\/wp-json\/wp\/v2\/users\/1"}],"replies":[{"embeddable":true,"href":"https:\/\/www.bassusediciones.com\/news\/index.php\/wp-json\/wp\/v2\/comments?post=460"}],"version-history":[{"count":6,"href":"https:\/\/www.bassusediciones.com\/news\/index.php\/wp-json\/wp\/v2\/posts\/460\/revisions"}],"predecessor-version":[{"id":479,"href":"https:\/\/www.bassusediciones.com\/news\/index.php\/wp-json\/wp\/v2\/posts\/460\/revisions\/479"}],"wp:featuredmedia":[{"embeddable":true,"href":"https:\/\/www.bassusediciones.com\/news\/index.php\/wp-json\/wp\/v2\/media\/469"}],"wp:attachment":[{"href":"https:\/\/www.bassusediciones.com\/news\/index.php\/wp-json\/wp\/v2\/media?parent=460"}],"wp:term":[{"taxonomy":"category","embeddable":true,"href":"https:\/\/www.bassusediciones.com\/news\/index.php\/wp-json\/wp\/v2\/categories?post=460"},{"taxonomy":"post_tag","embeddable":true,"href":"https:\/\/www.bassusediciones.com\/news\/index.php\/wp-json\/wp\/v2\/tags?post=460"}],"curies":[{"name":"wp","href":"https:\/\/api.w.org\/{rel}","templated":true}]}}