{"id":521,"date":"2024-09-29T15:52:41","date_gmt":"2024-09-29T15:52:41","guid":{"rendered":"https:\/\/www.bassusediciones.com\/news\/?p=521"},"modified":"2024-10-02T08:24:01","modified_gmt":"2024-10-02T08:24:01","slug":"nueva-partitura-percy-pitt-piano-clarinete","status":"publish","type":"post","link":"https:\/\/www.bassusediciones.com\/news\/index.php\/2024\/09\/29\/nueva-partitura-percy-pitt-piano-clarinete\/","title":{"rendered":"Nueva edici\u00f3n revisada del Concertino Op. 22 de Percy Pitt para clarinete y piano"},"content":{"rendered":"<p>La m\u00fasica cl\u00e1sica est\u00e1 llena de obras maestras que, aunque desconocidas para muchos, merecen ser rescatadas y apreciadas en toda su magnitud. Este es el caso del <a href=\"https:\/\/www.bassusediciones.com\/partituras.php#piano\" target=\"_blank\" rel=\"noopener\"><em>Concertino Op. 22<\/em> para clarinete y piano<\/a>, compuesto por el ingl\u00e9s Percy Pitt y recientemente revisado por Pedro Rubio y Ana Benavides. Esta nueva edici\u00f3n busca dar una nueva vida a una obra poco conocida, pero de gran importancia hist\u00f3rica y musical.<\/p>\n<h3><strong>Percy Pitt y su relaci\u00f3n con la m\u00fasica espa\u00f1ola<\/strong><\/h3>\n<p>Percival George (Percy) Pitt (1869-1932) fue un destacado organista, pianista, director de orquesta y compositor ingl\u00e9s. Estudi\u00f3 en el Conservatorio de Leipzig con Carl Reinecke y complet\u00f3 su formaci\u00f3n en M\u00fanich y Berl\u00edn bajo la tutela del compositor y organista Josef Rheinberger. Pitt tuvo una amplia trayectoria en la escena musical de Londres, donde trabaj\u00f3 para la Orquesta del Queen&#8217;s Hall y la Royal Opera House, llegando a ser director de la British National Opera Company y m\u00e1s tarde de la BBC.<\/p>\n<p>Sin embargo, lo que pocos saben es la estrecha relaci\u00f3n que Pitt mantuvo con la comunidad de m\u00fasicos espa\u00f1oles en Londres. Esta relaci\u00f3n se refleja en su obra <em>Concertino para clarinete y orquesta<\/em>, dedicada al clarinetista espa\u00f1ol <a href=\"https:\/\/www.bassusediciones.com\/news\/index.php\/2017\/03\/05\/manuel-gomez-clarinetista-sevillano\/\" target=\"_blank\" rel=\"noopener\">Manuel G\u00f3mez<\/a>. G\u00f3mez, nacido en Sevilla y formado en el Conservatorio de Madrid, se convirti\u00f3 en un destacado clarinetista en el Reino Unido, donde fue miembro fundador y solista de la London Symphony Orchestra.<\/p>\n<h3><strong>La g\u00e9nesis del <em>Concertino Op. 22<\/em><\/strong><\/h3>\n<p>El <em>Concertino Op. 22<\/em> tiene su origen en 1897, cuando Manuel G\u00f3mez encarg\u00f3 a su amigo Percy Pitt la composici\u00f3n de una obra que reflejara las habilidades y virtuosismo del clarinete. G\u00f3mez sugiri\u00f3 a Pitt utilizar temas musicales del gran clarinetista italiano Ernesto Cavallini, y as\u00ed naci\u00f3 esta obra, inspirada tambi\u00e9n en los conciertos para clarinete de Carl Maria von Weber. La pieza fue estrenada el 9 de octubre de 1897 en los <em>Promenade Concerts<\/em> de Londres, interpretada por la Orquesta del Queen&#8217;s Hall y dirigida por Henry J. Wood.<\/p>\n<p>El <em>Concertino<\/em> destaca por su estructura en tres partes y por la variedad de pasajes que exigen un dominio t\u00e9cnico del clarinete, incluida una cadencia de casi cinco minutos. Desde su estreno, la obra fue interpretada en varias ocasiones, recibiendo elogios tanto en Londres como en Liverpool, donde G\u00f3mez se consolid\u00f3 como un virtuoso del instrumento.<\/p>\n<h3><strong>La edici\u00f3n revisada por Pedro Rubio y Ana Benavides<\/strong><\/h3>\n<p>Hasta la fecha, la partitura del <em>Concertino Op. 22<\/em> estaba disponible \u00fanicamente en una versi\u00f3n reducida para piano, publicada en 1898 por la editorial Boosey &amp; Co. Sin embargo, la reciente edici\u00f3n revisada por Pedro Rubio y Ana Benavides ofrece una versi\u00f3n preparada para la interpretaci\u00f3n en un entorno de m\u00fasica de c\u00e1mara. Los editores han llevado a cabo un trabajo exhaustivo para corregir errores presentes en la edici\u00f3n original y han incluido digitaciones e indicaciones que facilitan la interpretaci\u00f3n.<\/p>\n<p>Entre las mejoras introducidas, destaca la correcci\u00f3n de incongruencias en los cambios de armadura, la redistribuci\u00f3n de notas en la parte del piano para una mayor eficiencia instrumental y la inclusi\u00f3n de sugerencias de respiraci\u00f3n para los clarinetistas. Adem\u00e1s, se han ajustado pasajes complejos en la cadenza del clarinete y se ha simplificado la marcaci\u00f3n de din\u00e1micas para una mejor lectura de la obra. Todo esto se ha realizado respetando la esencia y la intenci\u00f3n original de Percy Pitt, ofreciendo as\u00ed una versi\u00f3n fiel pero m\u00e1s accesible para los int\u00e9rpretes actuales.<\/p>\n<p><a href=\"https:\/\/www.bassusediciones.com\/partituras.php\" target=\"_blank\" rel=\"noopener\"><img data-recalc-dims=\"1\" loading=\"lazy\" decoding=\"async\" data-attachment-id=\"522\" data-permalink=\"https:\/\/www.bassusediciones.com\/news\/index.php\/2024\/09\/29\/nueva-partitura-percy-pitt-piano-clarinete\/portada_pitt-jpg\/\" data-orig-file=\"https:\/\/i0.wp.com\/www.bassusediciones.com\/news\/wp-content\/uploads\/2024\/09\/portada_pitt.jpg.jpg?fit=827%2C1169&amp;ssl=1\" data-orig-size=\"827,1169\" data-comments-opened=\"1\" data-image-meta=\"{&quot;aperture&quot;:&quot;0&quot;,&quot;credit&quot;:&quot;&quot;,&quot;camera&quot;:&quot;&quot;,&quot;caption&quot;:&quot;&quot;,&quot;created_timestamp&quot;:&quot;0&quot;,&quot;copyright&quot;:&quot;&quot;,&quot;focal_length&quot;:&quot;0&quot;,&quot;iso&quot;:&quot;0&quot;,&quot;shutter_speed&quot;:&quot;0&quot;,&quot;title&quot;:&quot;&quot;,&quot;orientation&quot;:&quot;0&quot;}\" data-image-title=\"percy pitt concierto para clarinete\" data-image-description=\"&lt;p&gt;percy pitt concierto para clarinete&lt;\/p&gt;\n\" data-image-caption=\"\" data-medium-file=\"https:\/\/i0.wp.com\/www.bassusediciones.com\/news\/wp-content\/uploads\/2024\/09\/portada_pitt.jpg.jpg?fit=212%2C300&amp;ssl=1\" data-large-file=\"https:\/\/i0.wp.com\/www.bassusediciones.com\/news\/wp-content\/uploads\/2024\/09\/portada_pitt.jpg.jpg?fit=724%2C1024&amp;ssl=1\" class=\"aligncenter wp-image-522 size-large\" src=\"https:\/\/i0.wp.com\/www.bassusediciones.com\/news\/wp-content\/uploads\/2024\/09\/portada_pitt.jpg.jpg?resize=724%2C1024\" alt=\"percy pitt concierto para clarinete\" width=\"724\" height=\"1024\" srcset=\"https:\/\/i0.wp.com\/www.bassusediciones.com\/news\/wp-content\/uploads\/2024\/09\/portada_pitt.jpg.jpg?resize=724%2C1024&amp;ssl=1 724w, https:\/\/i0.wp.com\/www.bassusediciones.com\/news\/wp-content\/uploads\/2024\/09\/portada_pitt.jpg.jpg?resize=212%2C300&amp;ssl=1 212w, https:\/\/i0.wp.com\/www.bassusediciones.com\/news\/wp-content\/uploads\/2024\/09\/portada_pitt.jpg.jpg?resize=768%2C1086&amp;ssl=1 768w, https:\/\/i0.wp.com\/www.bassusediciones.com\/news\/wp-content\/uploads\/2024\/09\/portada_pitt.jpg.jpg?w=827&amp;ssl=1 827w\" sizes=\"auto, (max-width: 724px) 100vw, 724px\" \/><\/a><\/p>\n<h3><strong>Una obra para descubrir<\/strong><\/h3>\n<p>La publicaci\u00f3n de esta edici\u00f3n revisada del <em>Concertino Op. 22<\/em> supone una oportunidad \u00fanica para redescubrir una joya del repertorio para clarinete. La labor de Pedro Rubio y Ana Benavides permite que esta pieza vuelva a cobrar vida en los escenarios, mostrando la riqueza musical que se esconde en composiciones que, aunque menos conocidas, tienen un gran valor art\u00edstico.<\/p>\n<p>Si eres clarinetista, pianista o simplemente amante de la m\u00fasica cl\u00e1sica, no te pierdas la oportunidad de explorar esta obra que combina la maestr\u00eda compositiva de Percy Pitt con la inspiraci\u00f3n en los grandes virtuosos del clarinete. La partitura revisada est\u00e1 ahora disponible para todos aquellos interesados en llevar al presente un fragmento de la historia musical del siglo XIX.<\/p>\n","protected":false},"excerpt":{"rendered":"<p>El Concertino Op. 22 de Percy Pitt, una joya del repertorio para clarinete que revive gracias a una revisi\u00f3n de Pedro Rubio y Ana Benavides<\/p>\n<div class=\"more-link-wrapper\"><a class=\"more-link\" href=\"https:\/\/www.bassusediciones.com\/news\/index.php\/2024\/09\/29\/nueva-partitura-percy-pitt-piano-clarinete\/\">Seguir leyendo<span class=\"screen-reader-text\">Nueva edici\u00f3n revisada del Concertino Op. 22 de Percy Pitt para clarinete y piano<\/span><\/a><\/div>\n","protected":false},"author":1,"featured_media":523,"comment_status":"open","ping_status":"open","sticky":false,"template":"","format":"standard","meta":{"jetpack_post_was_ever_published":false,"_jetpack_newsletter_access":"","_jetpack_dont_email_post_to_subs":false,"_jetpack_newsletter_tier_id":0,"_jetpack_memberships_contains_paywalled_content":false,"_jetpack_memberships_contains_paid_content":false,"footnotes":"","jetpack_publicize_message":"","jetpack_publicize_feature_enabled":true,"jetpack_social_post_already_shared":true,"jetpack_social_options":{"image_generator_settings":{"template":"highway","default_image_id":0,"enabled":false},"version":2}},"categories":[50,5,6,14,4],"tags":[12,22,25],"class_list":["post-521","post","type-post","status-publish","format-standard","has-post-thumbnail","hentry","category-ana-benavides","category-clarinete","category-partituras","category-pedro-rubio","category-piano","tag-clarinete","tag-partituras","tag-repertorio-clarinete","entry"],"yoast_head":"<!-- This site is optimized with the Yoast SEO plugin v25.5 - https:\/\/yoast.com\/wordpress\/plugins\/seo\/ -->\n<title>Nueva edici\u00f3n revisada del Concertino Op. 22 de Percy Pitt para clarinete y piano<\/title>\n<meta name=\"description\" content=\"El Concertino Op. 22 de Percy Pitt, una joya del repertorio para clarinete que revive gracias a una revisi\u00f3n de Pedro Rubio y Ana Benavides\" \/>\n<meta name=\"robots\" content=\"index, follow, max-snippet:-1, max-image-preview:large, max-video-preview:-1\" \/>\n<link rel=\"canonical\" href=\"https:\/\/www.bassusediciones.com\/news\/index.php\/2024\/09\/29\/nueva-partitura-percy-pitt-piano-clarinete\/\" \/>\n<meta property=\"og:locale\" content=\"es_ES\" \/>\n<meta property=\"og:type\" content=\"article\" \/>\n<meta property=\"og:title\" content=\"Nueva edici\u00f3n revisada del Concertino Op. 22 de Percy Pitt para clarinete y piano\" \/>\n<meta property=\"og:url\" content=\"https:\/\/www.bassusediciones.com\/news\/index.php\/2024\/09\/29\/nueva-partitura-percy-pitt-piano-clarinete\/\" \/>\n<meta property=\"og:site_name\" content=\"Bassus ediciones\" \/>\n<meta property=\"article:published_time\" content=\"2024-09-29T15:52:41+00:00\" \/>\n<meta property=\"article:modified_time\" content=\"2024-10-02T08:24:01+00:00\" \/>\n<meta property=\"og:image\" content=\"http:\/\/www.bassusediciones.com\/news\/wp-content\/uploads\/2024\/09\/percy-pitt-web.jpg\" \/>\n\t<meta property=\"og:image:width\" content=\"827\" \/>\n\t<meta property=\"og:image:height\" content=\"707\" \/>\n\t<meta property=\"og:image:type\" content=\"image\/jpeg\" \/>\n<meta name=\"author\" content=\"Bassus Ediciones\" \/>\n<meta name=\"twitter:card\" content=\"summary_large_image\" \/>\n<meta name=\"twitter:label1\" content=\"Escrito por\" \/>\n\t<meta name=\"twitter:data1\" content=\"Bassus Ediciones\" \/>\n\t<meta name=\"twitter:label2\" content=\"Tiempo de lectura\" \/>\n\t<meta name=\"twitter:data2\" content=\"4 minutos\" \/>\n<script type=\"application\/ld+json\" class=\"yoast-schema-graph\">{\"@context\":\"https:\/\/schema.org\",\"@graph\":[{\"@type\":\"WebPage\",\"@id\":\"https:\/\/www.bassusediciones.com\/news\/index.php\/2024\/09\/29\/nueva-partitura-percy-pitt-piano-clarinete\/\",\"url\":\"https:\/\/www.bassusediciones.com\/news\/index.php\/2024\/09\/29\/nueva-partitura-percy-pitt-piano-clarinete\/\",\"name\":\"Nueva edici\u00f3n revisada del Concertino Op. 22 de Percy Pitt para clarinete y piano\",\"isPartOf\":{\"@id\":\"https:\/\/www.bassusediciones.com\/news\/#website\"},\"primaryImageOfPage\":{\"@id\":\"https:\/\/www.bassusediciones.com\/news\/index.php\/2024\/09\/29\/nueva-partitura-percy-pitt-piano-clarinete\/#primaryimage\"},\"image\":{\"@id\":\"https:\/\/www.bassusediciones.com\/news\/index.php\/2024\/09\/29\/nueva-partitura-percy-pitt-piano-clarinete\/#primaryimage\"},\"thumbnailUrl\":\"https:\/\/i0.wp.com\/www.bassusediciones.com\/news\/wp-content\/uploads\/2024\/09\/percy-pitt-web.jpg?fit=827%2C707&ssl=1\",\"datePublished\":\"2024-09-29T15:52:41+00:00\",\"dateModified\":\"2024-10-02T08:24:01+00:00\",\"author\":{\"@id\":\"https:\/\/www.bassusediciones.com\/news\/#\/schema\/person\/4a8d34214f856abef7477b43928a2b3a\"},\"description\":\"El Concertino Op. 22 de Percy Pitt, una joya del repertorio para clarinete que revive gracias a una revisi\u00f3n de Pedro Rubio y Ana Benavides\",\"breadcrumb\":{\"@id\":\"https:\/\/www.bassusediciones.com\/news\/index.php\/2024\/09\/29\/nueva-partitura-percy-pitt-piano-clarinete\/#breadcrumb\"},\"inLanguage\":\"es\",\"potentialAction\":[{\"@type\":\"ReadAction\",\"target\":[\"https:\/\/www.bassusediciones.com\/news\/index.php\/2024\/09\/29\/nueva-partitura-percy-pitt-piano-clarinete\/\"]}]},{\"@type\":\"ImageObject\",\"inLanguage\":\"es\",\"@id\":\"https:\/\/www.bassusediciones.com\/news\/index.php\/2024\/09\/29\/nueva-partitura-percy-pitt-piano-clarinete\/#primaryimage\",\"url\":\"https:\/\/i0.wp.com\/www.bassusediciones.com\/news\/wp-content\/uploads\/2024\/09\/percy-pitt-web.jpg?fit=827%2C707&ssl=1\",\"contentUrl\":\"https:\/\/i0.wp.com\/www.bassusediciones.com\/news\/wp-content\/uploads\/2024\/09\/percy-pitt-web.jpg?fit=827%2C707&ssl=1\",\"width\":827,\"height\":707,\"caption\":\"percy-pitt-webpercy-pitt-web\"},{\"@type\":\"BreadcrumbList\",\"@id\":\"https:\/\/www.bassusediciones.com\/news\/index.php\/2024\/09\/29\/nueva-partitura-percy-pitt-piano-clarinete\/#breadcrumb\",\"itemListElement\":[{\"@type\":\"ListItem\",\"position\":1,\"name\":\"Portada\",\"item\":\"https:\/\/www.bassusediciones.com\/news\/\"},{\"@type\":\"ListItem\",\"position\":2,\"name\":\"Nueva edici\u00f3n revisada del Concertino Op. 22 de Percy Pitt para clarinete y piano\"}]},{\"@type\":\"WebSite\",\"@id\":\"https:\/\/www.bassusediciones.com\/news\/#website\",\"url\":\"https:\/\/www.bassusediciones.com\/news\/\",\"name\":\"Bassus ediciones\",\"description\":\"\",\"potentialAction\":[{\"@type\":\"SearchAction\",\"target\":{\"@type\":\"EntryPoint\",\"urlTemplate\":\"https:\/\/www.bassusediciones.com\/news\/?s={search_term_string}\"},\"query-input\":{\"@type\":\"PropertyValueSpecification\",\"valueRequired\":true,\"valueName\":\"search_term_string\"}}],\"inLanguage\":\"es\"},{\"@type\":\"Person\",\"@id\":\"https:\/\/www.bassusediciones.com\/news\/#\/schema\/person\/4a8d34214f856abef7477b43928a2b3a\",\"name\":\"Bassus Ediciones\",\"image\":{\"@type\":\"ImageObject\",\"inLanguage\":\"es\",\"@id\":\"https:\/\/www.bassusediciones.com\/news\/#\/schema\/person\/image\/\",\"url\":\"https:\/\/secure.gravatar.com\/avatar\/3e1b0efdb024485da7919fe4255dcef23a697fe0e75448f5f3882f7c2e8b7886?s=96&d=mm&r=g\",\"contentUrl\":\"https:\/\/secure.gravatar.com\/avatar\/3e1b0efdb024485da7919fe4255dcef23a697fe0e75448f5f3882f7c2e8b7886?s=96&d=mm&r=g\",\"caption\":\"Bassus Ediciones\"},\"url\":\"https:\/\/www.bassusediciones.com\/news\/index.php\/author\/bassusedid\/\"}]}<\/script>\n<!-- \/ Yoast SEO plugin. -->","yoast_head_json":{"title":"Nueva edici\u00f3n revisada del Concertino Op. 22 de Percy Pitt para clarinete y piano","description":"El Concertino Op. 22 de Percy Pitt, una joya del repertorio para clarinete que revive gracias a una revisi\u00f3n de Pedro Rubio y Ana Benavides","robots":{"index":"index","follow":"follow","max-snippet":"max-snippet:-1","max-image-preview":"max-image-preview:large","max-video-preview":"max-video-preview:-1"},"canonical":"https:\/\/www.bassusediciones.com\/news\/index.php\/2024\/09\/29\/nueva-partitura-percy-pitt-piano-clarinete\/","og_locale":"es_ES","og_type":"article","og_title":"Nueva edici\u00f3n revisada del Concertino Op. 22 de Percy Pitt para clarinete y piano","og_url":"https:\/\/www.bassusediciones.com\/news\/index.php\/2024\/09\/29\/nueva-partitura-percy-pitt-piano-clarinete\/","og_site_name":"Bassus ediciones","article_published_time":"2024-09-29T15:52:41+00:00","article_modified_time":"2024-10-02T08:24:01+00:00","og_image":[{"width":827,"height":707,"url":"http:\/\/www.bassusediciones.com\/news\/wp-content\/uploads\/2024\/09\/percy-pitt-web.jpg","type":"image\/jpeg"}],"author":"Bassus Ediciones","twitter_card":"summary_large_image","twitter_misc":{"Escrito por":"Bassus Ediciones","Tiempo de lectura":"4 minutos"},"schema":{"@context":"https:\/\/schema.org","@graph":[{"@type":"WebPage","@id":"https:\/\/www.bassusediciones.com\/news\/index.php\/2024\/09\/29\/nueva-partitura-percy-pitt-piano-clarinete\/","url":"https:\/\/www.bassusediciones.com\/news\/index.php\/2024\/09\/29\/nueva-partitura-percy-pitt-piano-clarinete\/","name":"Nueva edici\u00f3n revisada del Concertino Op. 22 de Percy Pitt para clarinete y piano","isPartOf":{"@id":"https:\/\/www.bassusediciones.com\/news\/#website"},"primaryImageOfPage":{"@id":"https:\/\/www.bassusediciones.com\/news\/index.php\/2024\/09\/29\/nueva-partitura-percy-pitt-piano-clarinete\/#primaryimage"},"image":{"@id":"https:\/\/www.bassusediciones.com\/news\/index.php\/2024\/09\/29\/nueva-partitura-percy-pitt-piano-clarinete\/#primaryimage"},"thumbnailUrl":"https:\/\/i0.wp.com\/www.bassusediciones.com\/news\/wp-content\/uploads\/2024\/09\/percy-pitt-web.jpg?fit=827%2C707&ssl=1","datePublished":"2024-09-29T15:52:41+00:00","dateModified":"2024-10-02T08:24:01+00:00","author":{"@id":"https:\/\/www.bassusediciones.com\/news\/#\/schema\/person\/4a8d34214f856abef7477b43928a2b3a"},"description":"El Concertino Op. 22 de Percy Pitt, una joya del repertorio para clarinete que revive gracias a una revisi\u00f3n de Pedro Rubio y Ana Benavides","breadcrumb":{"@id":"https:\/\/www.bassusediciones.com\/news\/index.php\/2024\/09\/29\/nueva-partitura-percy-pitt-piano-clarinete\/#breadcrumb"},"inLanguage":"es","potentialAction":[{"@type":"ReadAction","target":["https:\/\/www.bassusediciones.com\/news\/index.php\/2024\/09\/29\/nueva-partitura-percy-pitt-piano-clarinete\/"]}]},{"@type":"ImageObject","inLanguage":"es","@id":"https:\/\/www.bassusediciones.com\/news\/index.php\/2024\/09\/29\/nueva-partitura-percy-pitt-piano-clarinete\/#primaryimage","url":"https:\/\/i0.wp.com\/www.bassusediciones.com\/news\/wp-content\/uploads\/2024\/09\/percy-pitt-web.jpg?fit=827%2C707&ssl=1","contentUrl":"https:\/\/i0.wp.com\/www.bassusediciones.com\/news\/wp-content\/uploads\/2024\/09\/percy-pitt-web.jpg?fit=827%2C707&ssl=1","width":827,"height":707,"caption":"percy-pitt-webpercy-pitt-web"},{"@type":"BreadcrumbList","@id":"https:\/\/www.bassusediciones.com\/news\/index.php\/2024\/09\/29\/nueva-partitura-percy-pitt-piano-clarinete\/#breadcrumb","itemListElement":[{"@type":"ListItem","position":1,"name":"Portada","item":"https:\/\/www.bassusediciones.com\/news\/"},{"@type":"ListItem","position":2,"name":"Nueva edici\u00f3n revisada del Concertino Op. 22 de Percy Pitt para clarinete y piano"}]},{"@type":"WebSite","@id":"https:\/\/www.bassusediciones.com\/news\/#website","url":"https:\/\/www.bassusediciones.com\/news\/","name":"Bassus ediciones","description":"","potentialAction":[{"@type":"SearchAction","target":{"@type":"EntryPoint","urlTemplate":"https:\/\/www.bassusediciones.com\/news\/?s={search_term_string}"},"query-input":{"@type":"PropertyValueSpecification","valueRequired":true,"valueName":"search_term_string"}}],"inLanguage":"es"},{"@type":"Person","@id":"https:\/\/www.bassusediciones.com\/news\/#\/schema\/person\/4a8d34214f856abef7477b43928a2b3a","name":"Bassus Ediciones","image":{"@type":"ImageObject","inLanguage":"es","@id":"https:\/\/www.bassusediciones.com\/news\/#\/schema\/person\/image\/","url":"https:\/\/secure.gravatar.com\/avatar\/3e1b0efdb024485da7919fe4255dcef23a697fe0e75448f5f3882f7c2e8b7886?s=96&d=mm&r=g","contentUrl":"https:\/\/secure.gravatar.com\/avatar\/3e1b0efdb024485da7919fe4255dcef23a697fe0e75448f5f3882f7c2e8b7886?s=96&d=mm&r=g","caption":"Bassus Ediciones"},"url":"https:\/\/www.bassusediciones.com\/news\/index.php\/author\/bassusedid\/"}]}},"jetpack_publicize_connections":[],"jetpack_featured_media_url":"https:\/\/i0.wp.com\/www.bassusediciones.com\/news\/wp-content\/uploads\/2024\/09\/percy-pitt-web.jpg?fit=827%2C707&ssl=1","jetpack_sharing_enabled":true,"jetpack_shortlink":"https:\/\/wp.me\/p8Rgx9-8p","jetpack-related-posts":[],"_links":{"self":[{"href":"https:\/\/www.bassusediciones.com\/news\/index.php\/wp-json\/wp\/v2\/posts\/521","targetHints":{"allow":["GET"]}}],"collection":[{"href":"https:\/\/www.bassusediciones.com\/news\/index.php\/wp-json\/wp\/v2\/posts"}],"about":[{"href":"https:\/\/www.bassusediciones.com\/news\/index.php\/wp-json\/wp\/v2\/types\/post"}],"author":[{"embeddable":true,"href":"https:\/\/www.bassusediciones.com\/news\/index.php\/wp-json\/wp\/v2\/users\/1"}],"replies":[{"embeddable":true,"href":"https:\/\/www.bassusediciones.com\/news\/index.php\/wp-json\/wp\/v2\/comments?post=521"}],"version-history":[{"count":5,"href":"https:\/\/www.bassusediciones.com\/news\/index.php\/wp-json\/wp\/v2\/posts\/521\/revisions"}],"predecessor-version":[{"id":530,"href":"https:\/\/www.bassusediciones.com\/news\/index.php\/wp-json\/wp\/v2\/posts\/521\/revisions\/530"}],"wp:featuredmedia":[{"embeddable":true,"href":"https:\/\/www.bassusediciones.com\/news\/index.php\/wp-json\/wp\/v2\/media\/523"}],"wp:attachment":[{"href":"https:\/\/www.bassusediciones.com\/news\/index.php\/wp-json\/wp\/v2\/media?parent=521"}],"wp:term":[{"taxonomy":"category","embeddable":true,"href":"https:\/\/www.bassusediciones.com\/news\/index.php\/wp-json\/wp\/v2\/categories?post=521"},{"taxonomy":"post_tag","embeddable":true,"href":"https:\/\/www.bassusediciones.com\/news\/index.php\/wp-json\/wp\/v2\/tags?post=521"}],"curies":[{"name":"wp","href":"https:\/\/api.w.org\/{rel}","templated":true}]}}